{"id":3631,"date":"2025-01-25T11:57:53","date_gmt":"2025-01-25T09:57:53","guid":{"rendered":"https:\/\/www.fisiocraneo.com\/bruxisme-o-no-bruxisme-aquesta-es-la-questio-part-2"},"modified":"2026-07-20T17:35:32","modified_gmt":"2026-07-20T15:35:32","slug":"bruxisme-ii","status":"publish","type":"post","link":"https:\/\/www.fisiocraneo.com\/ca\/bruxisme-ii","title":{"rendered":"Bruxisme o no bruxisme, aquesta \u00e9s la q\u00fcesti\u00f3 (Part 2)"},"content":{"rendered":"\n<h2 class=\"wp-block-heading\">Tota la veritat sobre el diagn\u00f2stic del bruxisme<\/h2>\n\n<p class=\"wp-block-paragraph\">El debat i la investigaci\u00f3 sobre el fenomen del bruxisme continuen en ple auge, especialment dins l&#8217;\u00e0mbit acad\u00e8mic. <\/p>\n\n<p class=\"wp-block-paragraph\">En aquesta entrada exposem diferents punts de vista sobre el bruxisme i el seu diagn\u00f2stic.<\/p>\n\n<p class=\"wp-block-paragraph\">Ens vam plantejar qu\u00e8 se sap exactament del bruxisme, com s&#8217;ha estudiat fins ara i preguntes com aquestes:<\/p>\n\n<ul class=\"wp-block-list\">\n<li>Qui \u00e9s i qui no \u00e9s bruxista?<\/li>\n\n\n\n<li>Nom\u00e9s algunes persones fan bruxisme o tothom?<\/li>\n\n\n\n<li>El desgast dental s&#8217;explica pel bruxisme? En quina mesura? <\/li>\n\n\n\n<li>El bruxisme explica el meu dolor mandibular o la meva cefalea?<\/li>\n<\/ul>\n\n<p class=\"wp-block-paragraph\">Abans de continuar, pots visitar l&#8217;entrada anterior sobre la <a href=\"https:\/\/www.fisiocraneo.com\/ca\/bruxisme-part-1\">fisiologia del bruxisme<\/a>, on desenvolupem com i per qu\u00e8 es produeix. En aquesta entrada ens centrarem en com es diagnostica, si \u00e9s que es pot diagnosticar. <\/p>\n\n<p class=\"wp-block-paragraph\"><strong><em>COM ES DIAGNOSTICA EL BRUXISME<\/em><\/strong><\/p>\n\n<p class=\"wp-block-paragraph\">L&#8217;equip de FisioCraneo <a href=\"https:\/\/johoe.kmu.ac.ir\/article_92367_375b44df75983edd915370e88b1ce2d0.pdf\" target=\"_blank\" rel=\"noopener\">va liderar una investigaci\u00f3 publicada a finals de 2023<\/a> en qu\u00e8 es van identificar fins a 73 formes diferents de diagnosticar el bruxisme (1). No obstant aix\u00f2, no tots els m\u00e8todes tenen la mateixa validesa ni avaluen el mateix. A continuaci\u00f3 ho expliquem. <\/p>\n\n<p class=\"wp-block-paragraph\">El bruxisme, per definici\u00f3, \u00e9s una <em><strong>\u00abactivitat involunt\u00e0ria de la musculatura masticat\u00f2ria i no \u00e9s un trastorn del moviment ni del son en persones que, per la resta, s\u00f3n sanes\u00bb<\/strong><\/em>. \u00c9s a dir, no es considera una patologia i, per tant, no necessita tractament. M\u00e9s endavant veurem per qu\u00e8. La primera pregunta que ens planteja aquesta definici\u00f3 \u00e9s:  <\/p>\n\n<p class=\"has-accent-2-color has-text-color has-link-color wp-elements-1 wp-block-paragraph\"><em><strong>Totes les persones tenen activitat involunt\u00e0ria de la musculatura masticat\u00f2ria o nom\u00e9s algunes?<\/strong><\/em><\/p>\n\n<p class=\"wp-block-paragraph\">La resposta \u00e9s s\u00ed. Totes les persones poden presentar de manera natural moviments involuntaris de la musculatura masticat\u00f2ria tant durant el son com durant la vig\u00edlia. Per tant, el <strong>bruxisme \u00e9s un fenomen natural de la condici\u00f3 humana<\/strong> (<a href=\"https:\/\/www.fisiocraneo.com\/ca\/bruxisme-part-1\">vegeu l&#8217;entrada anterior<\/a>). <\/p>\n\n<p class=\"wp-block-paragraph\">Malgrat aquesta primera conclusi\u00f3, \u00e9s leg\u00edtim preguntar-se si una activitat masticat\u00f2ria excessiva pot indicar un problema de base o desencadenar altres problemes. Per aquest motiu va sorgir una q\u00fcesti\u00f3 interessant: com es pot mesurar el bruxisme?  <br\/>El professor Gilles J. Lavigne i un equip d&#8217;investigadors van avaluar 36 participants (18 bruxistes i 18 controls) durant diverses nits mitjan\u00e7ant polisomnografia per estimar les difer\u00e8ncies entre els dos grups (2).<\/p>\n\n<p class=\"wp-block-paragraph\"><em><strong>Qui eren els participants? <br\/><\/strong><\/em>Els participants eren voluntaris que rebien una compensaci\u00f3 econ\u00f2mica per participar en l&#8217;estudi i que complien els criteris seg\u00fcents:<\/p>\n\n<ul class=\"wp-block-list\">\n<li>Tenir entre 20 i 45 anys.<\/li>\n\n\n\n<li>Produir sons de cruiximent de dents almenys 5 nits per setmana durant 6 mesos.<\/li>\n\n\n\n<li>Que aquests sons fossin confirmats per la persona amb qui compartien llit o habitaci\u00f3.<\/li>\n\n\n\n<li>Complir almenys 1 dels 3 criteris seg\u00fcents:\n<ul class=\"wp-block-list\">\n<li>Desgast dental o punts brillants a les restauracions segons la classificaci\u00f3 1 o 2 de Johansson et al. 1993 (3).<\/li>\n\n\n\n<li>Referir dolor o fatiga a la musculatura masticat\u00f2ria al mat\u00ed.<\/li>\n\n\n\n<li>Hipertr\u00f2fia del m\u00fascul masseter mesurada amb els dits quan el m\u00fascul en contracci\u00f3 triplicava el seu volum respecte al rep\u00f2s.<\/li>\n<\/ul>\n<\/li>\n<\/ul>\n\n<p class=\"wp-block-paragraph\">Aquests criteris, a m\u00e9s de ser avui dia <strong>for\u00e7a discutibles<\/strong>, presentaven un <strong>important biaix<\/strong>, ja que els participants rebien una compensaci\u00f3 econ\u00f2mica per a un diagn\u00f2stic completament subjectiu. Tot i aix\u00f2, cal dir que en aquell moment tampoc existien criteris millors. Com veurem, el problema va ser que aquests resultats es van acceptar amb massa entusiasme. <\/p>\n\n<p class=\"wp-block-paragraph\">Tots els participants es van sotmetre a dues nits consecutives d&#8217;avaluaci\u00f3. La primera es considerava una nit d&#8217;adaptaci\u00f3 i la segona era la que s&#8217;utilitzava per a l&#8217;avaluaci\u00f3. Aquest aspecte tamb\u00e9 \u00e9s molt cr\u00edtic, ja que l&#8217;arquitectura del son \u00e9s molt variable en una mateixa persona d&#8217;un dia a l&#8217;altre, tal com han demostrat estudis posteriors.<br\/> <\/p>\n\n<p class=\"wp-block-paragraph\">Les contraccions dels m\u00fasculs masseters es van classificar en tres categories segons fossin: A) R\u00edtmiques (f\u00e0siques); B) Sostingudes (t\u00f2niques); C) Mixtes.  <\/p>\n<div class=\"wp-block-image\">\n<figure class=\"aligncenter size-medium\"><img loading=\"lazy\" decoding=\"async\" width=\"300\" height=\"243\" src=\"https:\/\/www.fisiocraneo.com\/wp-content\/uploads\/2024\/03\/Captura-de-Pantalla-2024-03-08-a-las-11.24.35-300x243.png\" alt=\"\" class=\"wp-image-2909\" srcset=\"https:\/\/www.fisiocraneo.com\/wp-content\/uploads\/2024\/03\/Captura-de-Pantalla-2024-03-08-a-las-11.24.35-300x243.png 300w, https:\/\/www.fisiocraneo.com\/wp-content\/uploads\/2024\/03\/Captura-de-Pantalla-2024-03-08-a-las-11.24.35.png 597w\" sizes=\"auto, (max-width: 300px) 100vw, 300px\" \/><figcaption class=\"wp-element-caption\">Extret de Lavigne et al. (1996) 1996<\/figcaption><\/figure>\n<\/div>\n<p class=\"wp-block-paragraph\">Es va considerar que els episodis de bruxisme corresponien a:<\/p>\n\n<ul class=\"wp-block-list\">\n<li>1 episodi f\u00e0sic = almenys 3 r\u00e0fegues d&#8217;entre 0,25 i 2 segons de durada, separades per intervals sense r\u00e0fegues.<\/li>\n\n\n\n<li>1 episodi t\u00f2nic = una r\u00e0fega sostinguda d&#8217;almenys 2 segons de durada.<\/li>\n\n\n\n<li>En ambd\u00f3s casos, l&#8217;activitat registrada mitjan\u00e7ant electromiografia havia de superar com a m\u00ednim el 20%, basant-se en un altre estudi realitzat l&#8217;any 1991, que actualment no \u00e9s accessible ni est\u00e0 disponible (4).<br\/><\/li>\n<\/ul>\n\n<p class=\"wp-block-paragraph\">Abans de l&#8217;avaluaci\u00f3 es van realitzar proves per calibrar l&#8217;electromiografia, que \u00e9s la t\u00e8cnica que mesura l&#8217;activitat muscular. Els participants van dur a terme cinc tasques: Tossir. Empassar saliva. Realitzar contraccions r\u00edtmiques (fer petar les dents). Fer moviments laterals i de protrusi\u00f3 de la mand\u00edbula. Finalment, efectuar una contracci\u00f3 m\u00e0xima estrenyent les dents, obtenint els valors del 100%, 50% i 20% de la contracci\u00f3 volunt\u00e0ria m\u00e0xima.<\/p>\n\n<p class=\"wp-block-paragraph\">Un cop registrades les nits de tots els participants, es van obtenir els resultats seg\u00fcents, representats aqu\u00ed amb gr\u00e0fics d&#8217;elaboraci\u00f3 pr\u00f2pia:<\/p>\n<div class=\"wp-block-image\">\n<figure class=\"aligncenter size-large\"><img loading=\"lazy\" decoding=\"async\" width=\"1024\" height=\"386\" src=\"https:\/\/www.fisiocraneo.com\/wp-content\/uploads\/2024\/03\/image-1024x386.png\" alt=\"\" class=\"wp-image-2913\" srcset=\"https:\/\/www.fisiocraneo.com\/wp-content\/uploads\/2024\/03\/image-1024x386.png 1024w, https:\/\/www.fisiocraneo.com\/wp-content\/uploads\/2024\/03\/image-300x113.png 300w, https:\/\/www.fisiocraneo.com\/wp-content\/uploads\/2024\/03\/image-768x289.png 768w, https:\/\/www.fisiocraneo.com\/wp-content\/uploads\/2024\/03\/image-1536x579.png 1536w, https:\/\/www.fisiocraneo.com\/wp-content\/uploads\/2024\/03\/image-2048x771.png 2048w\" sizes=\"auto, (max-width: 1024px) 100vw, 1024px\" \/><\/figure>\n<\/div>\n<p class=\"wp-block-paragraph\">En el grup de bruxisme es van observar les troballes seg\u00fcents:<\/p>\n\n<ul class=\"wp-block-list\">\n<li>Hi havia m\u00e9s episodis per hora en totes les fases del son.<\/li>\n\n\n\n<li>El nombre de r\u00e0fegues per episodi era lleugerament superior.<\/li>\n\n\n\n<li>El nombre total de r\u00e0fegues per hora tamb\u00e9 era superior.<\/li>\n<\/ul>\n\n<p class=\"wp-block-paragraph\">Una troballa molt interessant va ser que no es van observar difer\u00e8ncies entre el temps que els bruxistes i el grup control passaven en cada fase del son, ni en el nombre total d&#8217;hores dormides, ni en el temps necessari per adormir-se, ni tampoc en el nombre de despertars nocturns. Per tant, l&#8217;arquitectura del son i el bruxisme no estan associats. \u00c9s possible que altres factors, com ara la qualitat del son o el metabolisme durant el descans, expliquin millor el fenomen del bruxisme.  <\/p>\n\n<p class=\"wp-block-paragraph\">Amb aquests resultats, <\/p>\n\n<p class=\"has-accent-2-color has-text-color has-link-color wp-elements-2 wp-block-paragraph\"><strong>Podem concloure que el bruxisme \u00e9s la causa del dolor i del desgast? <\/strong><\/p>\n\n<p class=\"has-contrast-color has-text-color has-link-color wp-elements-3 wp-block-paragraph\"><strong>Rotundament, NO<\/strong>. Solament podem concloure que s&#8217;ha aconseguit separar subjectes bruxistes de no bruxistes. Si recordem els criteris d&#8217;inclusi\u00f3 de l&#8217;estudi, va resultar que el nombre de pacients que van reportar <strong>dolor o fatiga<\/strong> a la musculatura masticat\u00f2ria al mat\u00ed va ser de 6 pacients dels 18 i cap no va reportar dolor, <strong>nom\u00e9s van reportar fatiga<\/strong>.  <\/p>\n\n<p class=\"wp-block-paragraph\">L&#8217;estudi descriu que la majoria d&#8217;episodis van ser de tipus f\u00e0sic (52.5%) o mixtos (36.1%) i nom\u00e9s l&#8217;11.4% van ser de tipus t\u00f2nic. Basant-nos en la definici\u00f3 d&#8217;esdeveniment bruxista i en les mitjanes reportades, els subjectes bruxistes van tenir com a m\u00e0xim 108 r\u00e0fegues per hora.  <\/p>\n\n<p class=\"wp-block-paragraph\"><strong>Fem alguns c\u00e0lculs:<\/strong><br\/>Aplicant els percentatges, aquests episodis es distribueixen en 56.7 r\u00e0fegues de tipus f\u00e0sic, 39 mixtes i 12.3 de tipus t\u00f2nic. Sabem que les de tipus f\u00e0sic duren menys de 2\u2033, per la qual cosa, si acceptem aquesta durada, sumen un total de 113.4\u2033 (56.7 x 2\u2033). <\/p>\n\n<p class=\"wp-block-paragraph\">Les de tipus t\u00f2nic almenys duren 2\u2033, si els atorguem un valor mitj\u00e0 arbitrari de 10\u2033 obtenim 513\u2033 que, sumats als de les r\u00e0fegues de tipus f\u00e0sic, s\u00f3n un total de 626.4\u2033, l&#8217;equivalent a <strong>10\u201930&#8243; d&#8217;activitat muscular bruxista per sobre del 20% de la contracci\u00f3 m\u00e0xima volunt\u00e0ria al llarg d&#8217;una nit<\/strong> de 7 h 30&#8242; de mitjana. <\/p>\n\n<p class=\"wp-block-paragraph\">A m\u00e9s, si considerem que el 65% d&#8217;aquests moviments es van associar a moviments del cos sencer, podem assumir que no totes les contraccions van ser esdeveniments pr\u00f2piament bruxistes, sin\u00f3 activitat espont\u00e0nia associada als canvis de posici\u00f3 durant la nit. Tot i aix\u00ed, no corregirem aquest percentatge per a aquests c\u00e0lculs, de manera que acceptem aquests 10&#8242; 30\u2033 de mitjana d&#8217;activitat bruxista durant el son. <\/p>\n\n<p class=\"wp-block-paragraph\">Finalment, l&#8217;estudi va establir quatre nivells per a la intensitat del bruxisme basant-se en el nombre d&#8217;activitats bruxistes o tamb\u00e9 anomenades <strong>activitats musculars masticat\u00f2ries r\u00edtmiques (AMMR)<\/strong> per hora de son. Aquests nivells s&#8217;estableixen sota el criteri seg\u00fcent: <\/p>\n\n<p class=\"wp-block-paragraph\">Bruxisme sever: \u2265 9 esdeveniments d&#8217;AMMR per hora.<br\/>Bruxisme moderat: Entre \u2265 4 i 9 esdeveniments d&#8217;AMMR per hora.<br\/>Bruxisme lleu o de baixa freq\u00fc\u00e8ncia: Entre 1 esdeveniment i 2.2 esdeveniments d&#8217;AMMR per hora.<br\/>Controls o subjectes sense bruxisme: Menys d&#8217;1 esdeveniment d&#8217;AMMR per hora.<\/p>\n<div class=\"wp-block-image\">\n<figure class=\"aligncenter size-large is-resized\"><img loading=\"lazy\" decoding=\"async\" width=\"1024\" height=\"496\" src=\"https:\/\/www.fisiocraneo.com\/wp-content\/uploads\/2024\/03\/image-1-1024x496.png\" alt=\"\" class=\"wp-image-2915\" style=\"width:527px;height:auto\" srcset=\"https:\/\/www.fisiocraneo.com\/wp-content\/uploads\/2024\/03\/image-1-1024x496.png 1024w, https:\/\/www.fisiocraneo.com\/wp-content\/uploads\/2024\/03\/image-1-300x145.png 300w, https:\/\/www.fisiocraneo.com\/wp-content\/uploads\/2024\/03\/image-1-768x372.png 768w, https:\/\/www.fisiocraneo.com\/wp-content\/uploads\/2024\/03\/image-1-1536x744.png 1536w, https:\/\/www.fisiocraneo.com\/wp-content\/uploads\/2024\/03\/image-1.png 1826w\" sizes=\"auto, (max-width: 1024px) 100vw, 1024px\" \/><\/figure>\n<\/div>\n<p class=\"wp-block-paragraph\">En aquest punt les dues preguntes obligades serien:<\/p>\n\n<ol class=\"wp-block-list\">\n<li class=\"has-accent-2-color has-text-color has-link-color wp-elements-4\"><strong>Quanta variabilitat existeix d&#8217;activitat bruxista en un mateix subjecte al llarg de diverses nits?<\/strong><\/li>\n\n\n\n<li class=\"has-accent-2-color has-text-color has-link-color wp-elements-5\"><strong>S\u00f3n 10 minuts d&#8217;activitat muscular per sobre del 20% un temps suficient com per provocar desgast, fatiga o hipertr\u00f2fia del masseter? <\/strong><\/li>\n<\/ol>\n<div class=\"gb-container gb-container-a343ed93\">\n\n<p class=\"wp-block-paragraph\">Per a la primera pregunta, el mateix Gilles Lavigne va dissenyar un altre estudi en qu\u00e8 es van avaluar nou subjectes amb bruxisme moderat o sever, d&#8217;acord amb les categories determinades a l&#8217;estudi anterior (5) i es va revisar la literatura trobant que <strong>l&#8217;activitat bruxista canvia de forma moderada<\/strong> al llarg dels mesos i fins i tot al llarg d&#8217;una mateixa setmana. Per tant, als pacients que reporten di\u00e0riament pesadesa o tensi\u00f3 muscular, fatiga mandibular o limitaci\u00f3 de l&#8217;obertura especialment en despertar-se, no els podem atribuir el bruxisme com a causa de tots aquests s\u00edmptomes. <\/p>\n\n\n\n<p class=\"wp-block-paragraph\">Per a la segona pregunta, el que queda clar \u00e9s que 10&#8242; d&#8217;activitat, no sostinguda sin\u00f3 amb interrupcions, sembla ser molt poc temps com per justificar aquests s\u00edmptomes, amb la qual cosa <strong>han d&#8217;existir altres mecanismes que expliquin<\/strong> <strong>els s\u00edmptomes autoreportats<\/strong> que abordarem a la seg\u00fcent entrada sobre bruxisme.<\/p>\n\n\n\n<p class=\"wp-block-paragraph\">Tampoc el desgast dental \u00e9s explicat pel bruxisme, almenys no \u00fanicament, ja que les causes de desgast poden ser m\u00faltiples, incloent factors bioqu\u00edmics i metab\u00f2lics que no s&#8217;analitzen en aquesta entrada, per\u00f2 per resumir, una pitjor qualitat del teixit dental comporta el seu desgast independentment de l&#8217;activitat bruxista. A m\u00e9s, aquests signes no es corresponen amb l&#8217;actualitat del pacient i poden ser elements del passat i no representar l&#8217;estat actual d&#8217;activitat bruxista. <\/p>\n\n\n\n<p class=\"wp-block-paragraph\">Amb tan poca fiabilitat diagn\u00f2stica, vam realitzar des de l&#8217;equip de FisioCraneo una cerca de totes les formes en qu\u00e8 s&#8217;havien incl\u00f2s pacients amb bruxisme trobant 73 m\u00e8todes diferents en total, que vam classificar en deu categories. Per a cada categoria es van agrupar els m\u00e8todes en subcategories. Per exemple: quan el m\u00e8tode era un diagn\u00f2stic mitjan\u00e7ant polisomnografia, aquesta podia realitzar-se en un laboratori o a casa del pacient, durant una o fins a quatre nits, contemplant una nit d&#8217;adaptaci\u00f3 o no.   <\/p>\n\n\n\n<p class=\"wp-block-paragraph\">Si existeix tanta variabilitat dins del diagn\u00f2stic del bruxisme amb un mateix m\u00e8tode, \u00e9s evident que canviant o modificant el m\u00e8tode el diagn\u00f2stic augmenti encara m\u00e9s aquesta variabilitat. Si, a m\u00e9s, existeixen fins a 73 m\u00e8todes diferents per al diagn\u00f2stic del bruxisme, aquesta variabilitat \u00e9s total, i la invalidesa en el diagn\u00f2stic \u00e9s absoluta (<a href=\"https:\/\/johoe.kmu.ac.ir\/article_92367_375b44df75983edd915370e88b1ce2d0.pdf\" target=\"_blank\" rel=\"noopener\">vegeu taules i discussi\u00f3 de l&#8217;estudi publicat<\/a>). <\/p>\n\n\n\n<p class=\"wp-block-paragraph\"><strong>DISCUSSI\u00d3 I REFLEXIONS FINALS:<\/strong><\/p>\n\n\n\n<p class=\"wp-block-paragraph\">El diagn\u00f2stic del bruxisme es realitza de manera arbitr\u00e0ria i amb m\u00e8todes amb molt baixa validesa. Fins al moment els s\u00edmptomes de fatiga, limitaci\u00f3 d&#8217;obertura, mandibulars no s&#8217;expliquen pel bruxisme, aix\u00ed com tampoc el desgast dental, la sensibilitat dental i altres signes f\u00edsics als teixits de la cavitat oral que poden no correspondre amb l&#8217;estat de bruxisme actual. De tal manera que els signes i s\u00edmptomes exposats s&#8217;han d&#8217;explicar millor per altres mecanismes que el bruxisme.  <\/p>\n\n\n\n<p class=\"wp-block-paragraph\">No seria d&#8217;inter\u00e8s discutir aquest tema si els pacients que pateixen s\u00edmptomes com fatiga mandibular, dolor, limitaci\u00f3 de l&#8217;obertura bucal i discapacitat als quals se&#8217;ls diagnostica bruxisme no acabessin, de manera sistem\u00e0tica, tractats amb <strong>tractaments cars i ineficients<\/strong> que no solucionen el problema de base i que <strong>comporten costos econ\u00f2mics sufragats pels mateixos pacients<\/strong>.<\/p>\n\n\n\n<p class=\"wp-block-paragraph\">En aquest sentit, la <strong>presa de decisions sobre el tractament ha de ser informada<\/strong> per al pacient, que ha de comprendre qu\u00e8 pot esperar del tractament que se li ofereix. Els suposats signes i s\u00edmptomes associats al bruxisme, realment tenen altres explicacions que abordarem en una altra entrada i el seu maneig \u00e9s m\u00e9s simple, m\u00e9s efectiu i menys cost\u00f3s del que en la pr\u00e0ctica cl\u00ednica es realitza en la majoria d&#8217;ocasions.  <\/p>\n\n\n\n<p class=\"wp-block-paragraph\">______________________________________<\/p>\n\n<\/div>\n<p class=\"wp-block-paragraph\">BIBLIOGRAFIA<\/p>\n\n<ol class=\"wp-block-list\">\n<li>Padros-Auge, J., Nouhaila, Z., Miquel, C., Morales-Vigo, A., Sebasti\u00e9n, C., &amp; Laurine, P. (2023). Diagnostic criteria for bruxism: A Scoping Review. <em>Journal of Oral Health and Oral Epidemiology<\/em>, <em>12<\/em>(3), 98-104. <\/li>\n\n\n\n<li>Lavigne, G. J., Khoury, S., Abe, S., Yamaguchi, T., &amp; Raphael, K. (2008). Bruxism physiology and pathology: an overview for clinicians. <em>Journal of oral rehabilitation<\/em>,<em> 35<\/em>(7), 476\u2013494. <\/li>\n\n\n\n<li>Johansson, A., Haraldson, T., Omar, R., Kiliaridis, S., &amp; Carlsson, G. E. (1993). A system for assessing the severity and progression of occlusal tooth wear. <em>Journal of oral rehabilitation<\/em>,<em> 20<\/em>(2), 125\u2013131.  <\/li>\n\n\n\n<li>Kondo, K., &amp; Clark, GT. (1991). A method for detecting a bruxism event. <em>J Dent Res<\/em> <em>70<\/em>, 1969.<\/li>\n\n\n\n<li>Lavigne, G. J., Guitard, F., Rompr\u00e9, P. H., &amp; Montplaisir, J. Y. (2001). Variability in sleep bruxism activity over time. <em>Journal of sleep research<\/em>, <em>10<\/em>(3), 237\u2013244. <\/li>\n<\/ol>\n","protected":false},"excerpt":{"rendered":"<p>Tota la veritat sobre el diagn\u00f2stic del bruxisme El debat i la investigaci\u00f3 sobre el fenomen del bruxisme continuen en ple auge, especialment dins l&#8217;\u00e0mbit &#8230; <a title=\"Bruxisme o no bruxisme, aquesta \u00e9s la q\u00fcesti\u00f3 (Part 2)\" class=\"read-more\" href=\"https:\/\/www.fisiocraneo.com\/ca\/bruxisme-ii\" aria-label=\"More on Bruxisme o no bruxisme, aquesta \u00e9s la q\u00fcesti\u00f3 (Part 2)\">Read More<\/a><\/p>\n","protected":false},"author":2,"featured_media":3630,"comment_status":"open","ping_status":"open","sticky":false,"template":"","format":"standard","meta":{"footnotes":""},"categories":[28],"tags":[29,30,33,31,32],"class_list":["post-3631","post","type-post","status-publish","format-standard","has-post-thumbnail","hentry","category-bruxisme","tag-atm","tag-bruxisme","tag-diagnostic","tag-dolor-mandibular","tag-dolor-orofacial"],"_links":{"self":[{"href":"https:\/\/www.fisiocraneo.com\/ca\/wp-json\/wp\/v2\/posts\/3631","targetHints":{"allow":["GET"]}}],"collection":[{"href":"https:\/\/www.fisiocraneo.com\/ca\/wp-json\/wp\/v2\/posts"}],"about":[{"href":"https:\/\/www.fisiocraneo.com\/ca\/wp-json\/wp\/v2\/types\/post"}],"author":[{"embeddable":true,"href":"https:\/\/www.fisiocraneo.com\/ca\/wp-json\/wp\/v2\/users\/2"}],"replies":[{"embeddable":true,"href":"https:\/\/www.fisiocraneo.com\/ca\/wp-json\/wp\/v2\/comments?post=3631"}],"version-history":[{"count":1,"href":"https:\/\/www.fisiocraneo.com\/ca\/wp-json\/wp\/v2\/posts\/3631\/revisions"}],"predecessor-version":[{"id":3637,"href":"https:\/\/www.fisiocraneo.com\/ca\/wp-json\/wp\/v2\/posts\/3631\/revisions\/3637"}],"wp:featuredmedia":[{"embeddable":true,"href":"https:\/\/www.fisiocraneo.com\/ca\/wp-json\/wp\/v2\/media\/3630"}],"wp:attachment":[{"href":"https:\/\/www.fisiocraneo.com\/ca\/wp-json\/wp\/v2\/media?parent=3631"}],"wp:term":[{"taxonomy":"category","embeddable":true,"href":"https:\/\/www.fisiocraneo.com\/ca\/wp-json\/wp\/v2\/categories?post=3631"},{"taxonomy":"post_tag","embeddable":true,"href":"https:\/\/www.fisiocraneo.com\/ca\/wp-json\/wp\/v2\/tags?post=3631"}],"curies":[{"name":"wp","href":"https:\/\/api.w.org\/{rel}","templated":true}]}}