{"id":3640,"date":"2024-07-03T23:37:15","date_gmt":"2024-07-03T21:37:15","guid":{"rendered":"https:\/\/www.fisiocraneo.com\/el-son-part-1"},"modified":"2026-07-15T16:16:51","modified_gmt":"2026-07-15T14:16:51","slug":"el-son-part-1","status":"publish","type":"post","link":"https:\/\/www.fisiocraneo.com\/ca\/el-son-part-1","title":{"rendered":"El son (Part 1)"},"content":{"rendered":"\n<p class=\"wp-block-paragraph\"><strong>DEFINICI\u00d3, REGULACI\u00d3, ARQUITECTURA I EFECTES<\/strong><\/p>\n<div class=\"gb-container gb-container-7c800684\">\n<div class=\"gb-container gb-container-9a10e0d4\">\n\n<p class=\"has-accent-2-color has-text-color has-link-color has-medium-font-size wp-elements-1 wp-block-paragraph\"><em><strong>Qu\u00e8 \u00e9s?<\/strong><\/em><\/p>\n\n<\/div>\n<\/div>\n<p class=\"wp-block-paragraph\">El son \u00e9s un estat fisiol\u00f2gic de descans caracteritzat per la suspensi\u00f3 temporal de la consci\u00e8ncia, aix\u00ed com per la disminuci\u00f3 de l&#8217;activitat motora volunt\u00e0ria. Durant aquest, el cervell experimenta canvis en els seus patrons d&#8217;activitat el\u00e8ctrica i es produeixen diversos fen\u00f2mens fisiol\u00f2gics, com la consolidaci\u00f3 de la mem\u00f2ria i la restauraci\u00f3 f\u00edsica i mental. Un bon descans <strong>\u00e9s un proc\u00e9s indispensable per al funcionament saludable de l&#8217;organisme<\/strong> i \u00e9s per aix\u00f2 que cal cuidar-lo sempre, sobretot <strong>en situacions d&#8217;estr\u00e8s, dolor o malaltia<\/strong>, perqu\u00e8 el <strong>nostre organisme disposi del context adequat per afrontar-les<\/strong>.  <\/p>\n\n<p class=\"has-accent-2-color has-text-color has-link-color has-medium-font-size wp-elements-2 wp-block-paragraph\"><em><strong>Com \u00e9s?<\/strong><\/em><\/p>\n\n<p class=\"wp-block-paragraph\">El son es divideix en cicles que duren aproximadament una hora i mitja. Aquests cicles inclouen les <strong>fases REM<\/strong> (Rapid Eye Movement o moviment ocular r\u00e0pid) i <strong>NO REM<\/strong> (NREM). Quan es finalitza una etapa, en comen\u00e7a una de nova, i aix\u00ed successivament fins a la vig\u00edlia. La figura seg\u00fcent exemplifica el cicle complet des d&#8217;una fase NREM fins a una fase REM, passant per tres estats en qu\u00e8 el tercer fa refer\u00e8ncia al son profund (Deep sleep). Les dues figures seg\u00fcents representen com s&#8217;estructura o el que es coneix com a <strong>ARQUITECTURA DEL SON.<\/strong>    <\/p>\n<div class=\"wp-block-image\">\n<figure class=\"aligncenter size-full is-resized\"><img loading=\"lazy\" decoding=\"async\" width=\"678\" height=\"274\" src=\"https:\/\/www.fisiocraneo.com\/wp-content\/uploads\/2024\/03\/Captura-de-Pantalla-2024-03-15-a-las-11.37.38.png\" alt=\"Cicle NoREM - REM del son\" class=\"wp-image-2924\" style=\"width:678px;height:auto\" srcset=\"https:\/\/www.fisiocraneo.com\/wp-content\/uploads\/2024\/03\/Captura-de-Pantalla-2024-03-15-a-las-11.37.38.png 678w, https:\/\/www.fisiocraneo.com\/wp-content\/uploads\/2024\/03\/Captura-de-Pantalla-2024-03-15-a-las-11.37.38-300x121.png 300w\" sizes=\"auto, (max-width: 678px) 100vw, 678px\" \/><\/figure>\n<\/div>\n<p class=\"wp-block-paragraph\"><strong>Figura 1<\/strong>. Cicle NREM-REM amb els consecutius estats. Aquest cicle es repeteix cada 70-110 minuts fins a un total de 3 a 5 vegades durant un per\u00edode de son (Extret de Lavigne et al. 2020).  <\/p>\n<div class=\"wp-block-image\">\n<figure class=\"aligncenter size-full\"><img loading=\"lazy\" decoding=\"async\" width=\"677\" height=\"239\" src=\"https:\/\/www.fisiocraneo.com\/wp-content\/uploads\/2024\/03\/Captura-de-Pantalla-2024-03-15-a-las-11.45.27.png\" alt=\"\" class=\"wp-image-2925\" srcset=\"https:\/\/www.fisiocraneo.com\/wp-content\/uploads\/2024\/03\/Captura-de-Pantalla-2024-03-15-a-las-11.45.27.png 677w, https:\/\/www.fisiocraneo.com\/wp-content\/uploads\/2024\/03\/Captura-de-Pantalla-2024-03-15-a-las-11.45.27-300x106.png 300w\" sizes=\"auto, (max-width: 677px) 100vw, 677px\" \/><\/figure>\n<\/div>\n<p class=\"wp-block-paragraph\"><strong>Figura 2.<\/strong> Cicles del son (I \u2013 IV) i les seves ones consecutives NREM-REM (caixes negres horitzontals). Durant el primer ter\u00e7 de la nit les ones lentes (stage N3 o deep sleep) s\u00f3n dominants. Durant l&#8217;\u00faltim ter\u00e7 de la nit, l&#8217;estadi REM \u00e9s m\u00e9s gran. MT: temps de moviment; WT: Temps de vig\u00edlia (Extret de Lavigne et al. 2020).   <\/p>\n\n<p class=\"has-text-align-left wp-block-paragraph\">En cada etapa, se succeeixen diferents processos que s&#8217;analitzen a continuaci\u00f3:<br\/><\/p>\n\n<p class=\"wp-block-paragraph\"><strong><em>1.<\/em> <\/strong><strong><em>ETAPA REM:<\/em><\/strong> L&#8217;etapa REM es produeix en cicles al llarg de la nit, i la seva durada augmenta a mesura que avancem en el cicle del son. De mitjana, la primera etapa REM pot durar uns 10 minuts, augmentant fins a aproximadament 90 minuts en l&#8217;\u00faltima etapa del cicle. En aquesta etapa se succeeixen els processos seg\u00fcents:  <\/p>\n\n<ul class=\"wp-block-list\">\n<li><strong><em>Moviment r\u00e0pid dels ulls:<\/em><\/strong> Aquests moviments estan associats amb l&#8217;activitat visual interna que ocorre durant els somnis.<\/li>\n\n\n\n<li><strong><em>Activitat cerebral similar a la vig\u00edlia:<\/em><\/strong> A nivell cerebral, l&#8217;activitat durant l&#8217;etapa REM \u00e9s for\u00e7a similar a la vig\u00edlia en termes de patrons d&#8217;ones cerebrals. Tanmateix, els principals m\u00fasculs esquel\u00e8tics estan inhibits, fet que prev\u00e9 l&#8217;activitat motora volunt\u00e0ria. <\/li>\n\n\n\n<li><em><strong>Somnis v\u00edvids:<\/strong><\/em> Durant l&#8217;etapa REM, la majoria dels somnis que experimentem s\u00f3n particularment v\u00edvids, acolorits i emocionalment intensos. Aix\u00f2 es deu a la intensa activitat cerebral en \u00e0rees associades amb la generaci\u00f3 d&#8217;imatges, emocions i records. <\/li>\n\n\n\n<li><em><strong>Par\u00e0lisi muscular temporal:<\/strong><\/em> Per prevenir que el somiador actu\u00ef els seus somnis, durant l&#8217;etapa REM es produeix una par\u00e0lisi muscular temporal coneguda com a atonia muscular. Aix\u00f2 impedeix l&#8217;execuci\u00f3 dels moviments que podrien sorgir de l&#8217;activitat cerebral relacionada amb all\u00f2 que s&#8217;est\u00e0 somiant. <\/li>\n\n\n\n<li><em><strong>Canvis en la freq\u00fc\u00e8ncia card\u00edaca, la respiraci\u00f3 i la pressi\u00f3 arterial:<\/strong><\/em> Amb la funci\u00f3 principal d&#8217;optimitzar tots els processos en cadascuna de les fases.<\/li>\n<\/ul>\n\n<p class=\"wp-block-paragraph\"><strong><em>2. ETAPA NREM:<\/em><\/strong> Durant l&#8217;etapa NREM, el cos passa per diverses fases que es caracteritzen per diferents patrons d&#8217;activitat cerebral i fisiol\u00f2gica. Aquestes fases s&#8217;anomenen N1, N2 i N3 o tamb\u00e9 coneguda com a son d&#8217;ones lentes que s&#8217;ha introdu\u00eft anteriorment.<br\/>  <\/p>\n\n<ul class=\"wp-block-list\">\n<li><em><strong>Fase N1 (Son lleuger):<\/strong><\/em> Aquesta \u00e9s la transici\u00f3 inicial entre la vig\u00edlia i el son. Durant aquesta fase, pot ser relativament f\u00e0cil despertar-se i \u00e9s habitual experimentar sensacions de flotaci\u00f3, pensaments estranys o imatges fugaces. <\/li>\n\n\n\n<li><em><strong>Fase N2 (Son intermedi):<\/strong><\/em> La fase N2 \u00e9s un estat m\u00e9s profund que la fase N1. Durant aquesta fase, s&#8217;observen patrons d&#8217;ones cerebrals caracter\u00edstics, com complexos K i fusos del son. Els complexos K s\u00f3n r\u00e0fegues d&#8217;activitat cerebral que semblen estar relacionades amb la supressi\u00f3 d&#8217;est\u00edmuls externs, en altres paraules, el cervell presta menys atenci\u00f3 als est\u00edmuls externs. Els fusos del son s\u00f3n r\u00e0fegues d&#8217;activitat d&#8217;alta freq\u00fc\u00e8ncia que es creu que estan involucrades en la consolidaci\u00f3 de la mem\u00f2ria, fet que est\u00e0 molt vinculat amb la generaci\u00f3 de noves sinapsis neuronals o amb la consolidaci\u00f3 de les ja existents. El cos es relaxa encara m\u00e9s durant la fase N2, amb una disminuci\u00f3 de l&#8217;activitat muscular i de la freq\u00fc\u00e8ncia card\u00edaca.    <\/li>\n\n\n\n<li><em><strong>Fase N3 (Somni d&#8217;ona lenta)<\/strong><\/em> : Tamb\u00e9 coneguda com a somni d&#8217;ona lenta o delta. Aquesta \u00e9s la fase m\u00e9s profunda i reparadora de les fases NREM. Aquesta etapa \u00e9s crucial per a la restauraci\u00f3 f\u00edsica i el creixement, ja que salliberen hormones importants, com lhormona del creixement. La fase N3 \u00e9s m\u00e9s dif\u00edcil d&#8217;interrompre, \u00e9s a dir, aquella en qu\u00e8 \u00e9s m\u00e9s complicada que alg\u00fa es desperti. A m\u00e9s, \u00e9s la fase en qu\u00e8 s\u00f3n m\u00e9s comuns els episodis de somnambulisme i parla.    <\/li>\n<\/ul>\n\n<p class=\"has-accent-2-color has-text-color has-link-color has-medium-font-size wp-elements-3 wp-block-paragraph\"><strong><em>Quin efecte t\u00e9?<\/em><\/strong><\/p>\n\n<p class=\"wp-block-paragraph\"><strong>Revertir la fatiga<\/strong> : Dormir permet que l&#8217;organisme recuperi els nivells d&#8217;energia que permetin funcionar unes hores m\u00e9s.<\/p>\n\n<p class=\"wp-block-paragraph\"><strong>Regeneraci\u00f3 bioqu\u00edmica:<\/strong> El descans promou l&#8217;efici\u00e8ncia sin\u00e0ptica, el rentatge limf\u00e0tic, la s\u00edntesi de prote\u00efnes, la neurog\u00e8nesi, la restauraci\u00f3 metab\u00f2lica (per exemple, el glucogen), el creixement (la secreci\u00f3 de l&#8217;hormona del creixement arriba al seu punt m\u00e0xim durant el descans), entre d&#8217;altres.<\/p>\n\n<p class=\"wp-block-paragraph\"><strong>Funci\u00f3 immune:<\/strong> Restabliment de la funci\u00f3 immune o protecci\u00f3. \u00c9s una interacci\u00f3 complexa encara en investigaci\u00f3. <\/p>\n\n<p class=\"wp-block-paragraph\">Consolidaci\u00f3 de la mem\u00f2ria: Els aprenentatges i les necessitats d&#8217;aprenentatge de la vig\u00edlia necessiten del son per consolidar-se. Aquest sembla facilitar la codificaci\u00f3 de nova informaci\u00f3 i, a m\u00e9s, facilita l&#8217;aprenentatge de tasques senzilles i les modificacions del comportament. <\/p>\n\n<p class=\"wp-block-paragraph\"><strong>Benestar<\/strong> <strong>psicol\u00f2gic<\/strong>: La manca de son representa un risc per a l&#8217;alteraci\u00f3 de l&#8217;estat d&#8217;\u00e0nim, portant-lo cap a un estat m\u00e9s depressiu. A m\u00e9s, els somnis ocorren en tots els estadis, tot i que els de la fase REM s\u00f3n m\u00e9s v\u00edvids.<br\/>  <\/p>\n\n<p class=\"has-accent-2-color has-text-color has-link-color has-medium-font-size wp-elements-4 wp-block-paragraph\"><strong><em>Qui i com el regula?<\/em><\/strong><\/p>\n\n<p class=\"wp-block-paragraph\">El <strong>sistema nervi\u00f3s aut\u00f2nom (SNA)<\/strong> \u00e9s el sistema de control de tots els processos de l&#8217;organisme. Regula la freq\u00fc\u00e8ncia card\u00edaca, la digesti\u00f3, la respiraci\u00f3, la secreci\u00f3 hormonal, etc. Fonamentalment, <strong>\u00e9s el sistema de control de tots els altres sistemes<\/strong> i exerceix un paper fonamental en la regulaci\u00f3 del son fisiol\u00f2gic en influir en diversos aspectes d&#8217;aquest, incloent-hi la transici\u00f3 entre les diferents etapes del son i la regulaci\u00f3 de les funcions corporals durant el son. El SNA es compon de dos subsistemes: <strong>el sistema nervi\u00f3s simp\u00e0tic (SNS)<\/strong> i el <strong>sistema nervi\u00f3s parasimp\u00e0tic (SNP)<\/strong>, que <strong>treballen conjuntament per mantenir, augmentar o disminuir l&#8217;activitat<\/strong> dels diferents processos de l&#8217;organisme. En general, quan estem desperts, l&#8217;SNS \u00e9s qui pren el comandament, mentre que durant el descans el protagonista ser\u00e0 l&#8217;SNP, tot i que hi ha fluctuacions durant el dia en l&#8217;activitat entre tots dos sistemes.    <\/p>\n\n<p class=\"wp-block-paragraph\">Per a un son saludable, la correcta activaci\u00f3 i manteniment de l&#8217;SNP \u00e9s fonamental, ja que, si no s&#8217;activa prou o durant prou temps durant el descans, apareixeran les disfuncions o trastorns del son als quals dedicarem una entrada.<\/p>\n\n<p class=\"wp-block-paragraph\"><strong>El<\/strong> sistema nervi\u00f3s integra m\u00faltiples senyals neurol\u00f2gics i hormonals a trav\u00e9s dels quals <strong>dona una resposta <\/strong>mitjan\u00e7ant el SNA en forma de <strong>regulaci\u00f3 del cicle son-vig\u00edlia (CSV)<\/strong>. L&#8217;alteraci\u00f3 d&#8217;aquests senyals comporta respostes que alteren les funcions de l&#8217;organisme. Els principals reguladors del son s\u00f3n:  <\/p>\n\n<ol class=\"wp-block-list\">\n<li><strong><em>Els ritmes circadiaris<\/em><\/strong>: \u00c9s el rellotge biol\u00f2gic intern que regula els cicles diaris de son i vig\u00edlia. El seu principal regulador \u00e9s la llum i la foscor ambiental.  <\/li>\n\n\n\n<li><strong><em>Hormones:<\/em><\/strong> La melatonina \u00e9s una hormona clau en la regulaci\u00f3 del son. \u00c9s produ\u00efda per la gl\u00e0ndula pineal en resposta a la foscor i ajuda a induir el son. Altres hormones, com l&#8217;adenosina i diverses hormones de l&#8217;estr\u00e8s com el cortisol, tamb\u00e9 poden influir en el CSV.  <\/li>\n\n\n\n<li><strong><em>Neurotransmissors:<\/em><\/strong> Diverses subst\u00e0ncies qu\u00edmiques al cervell, com la serotonina, la dopamina, la histamina i l&#8217;\u00e0cid gamma-aminobut\u00edric (GABA), exerceixen un paper important en la regulaci\u00f3 del CSV. Les variacions en aquestes subst\u00e0ncies influeixen en la qualitat d&#8217;aquest i aquestes variacions es veuen influenciades per diferents variables, entre elles les del punt seg\u00fcent. <\/li>\n\n\n\n<li><em><strong>Factors ambientals i conductuals:<\/strong><\/em> La temperatura ambient, l&#8217;exposici\u00f3 a la llum artificial, l&#8217;activitat f\u00edsica, l&#8217;estr\u00e8s, l&#8217;alimentaci\u00f3 i la ingesta de subst\u00e0ncies com la cafe\u00efna i l&#8217;alcohol poden afectar significativament la qualitat i la durada del son.<br\/><br\/><\/li>\n<\/ol>\n\n<p class=\"wp-block-paragraph\">L&#8217;alteraci\u00f3 d&#8217;aquests reguladors alterar\u00e0 la qualitat del son, com per exemple quan <strong>anem a dormir molt tard<\/strong>. L&#8217;organisme est\u00e0 dissenyat per percebre, integrar i avaluar difer\u00e8ncies en la intensitat de la llum ambiental al llarg d&#8217;un dia de 24 h, i interpretar\u00e0 que en el moment de menor exposici\u00f3 s&#8217;acosta el moment del descans. Si el que succeeix \u00e9s que s&#8217;enc\u00e9n una pantalla (com el televisor o el tel\u00e8fon), ens exposem a soroll ambiental i llums (discoteca, bar) o ens quedem estudiant fins tard, el cervell tindr\u00e0 dues informacions oposades i intentar\u00e0 integrar, d&#8217;una banda, que la llum solar ha disminu\u00eft i, per tant, \u00e9s hora de dormir (ritme circadiari) i, d&#8217;altra banda, rebr\u00e0 informacions contr\u00e0ries (focus atencionals actius). Aquests <strong>estats incoherents des del punt de vista sensorial<\/strong> <strong>poden alterar la fisiologia del son<\/strong>, especialment quan es mantenen en el temps o de forma recurrent. El mateix succeiria quan estem fatigats i, en lloc de dormir, ens activem amb qualsevol altra tasca, ja sigui treballar, estudiar o fer exercici.    <\/p>\n\n<p class=\"wp-block-paragraph\">En resum, el son \u00e9s un <strong>estat fisiol\u00f2gic necessari<\/strong>, compost d&#8217;una arquitectura pr\u00f2pia amb quatre fases en qu\u00e8 se <strong>succeeixen canvis fisiol\u00f2gics<\/strong> a tots els nivells de l&#8217;organisme i que <strong>s\u00f3n alterables<\/strong> a trav\u00e9s de mals h\u00e0bits del son, que <strong>a llarg termini<\/strong> poden comportar altres patologies.<\/p>\n\n<p class=\"wp-block-paragraph\">____________________________________________________________<\/p>\n\n<p class=\"wp-block-paragraph\">REFER\u00c8NCIES:<\/p>\n\n<p class=\"wp-block-paragraph\">Lavigne, GJ., Cistulli, P.A., Smith, MT. (2020) Sleep Medicine for Dentists. An evidence-based overview. 2nd edition, Batavia, IL. Quintessence publishing. ISBN: 9781647240097<br\/> <br\/><\/p>\n","protected":false},"excerpt":{"rendered":"<p>DEFINICI\u00d3, REGULACI\u00d3, ARQUITECTURA I EFECTES Qu\u00e8 \u00e9s? El son \u00e9s un estat fisiol\u00f2gic de descans caracteritzat per la suspensi\u00f3 temporal de la consci\u00e8ncia, aix\u00ed com &#8230; <a title=\"El son (Part 1)\" class=\"read-more\" href=\"https:\/\/www.fisiocraneo.com\/ca\/el-son-part-1\" aria-label=\"More on El son (Part 1)\">Read More<\/a><\/p>\n","protected":false},"author":3,"featured_media":0,"comment_status":"open","ping_status":"open","sticky":false,"template":"","format":"standard","meta":{"footnotes":""},"categories":[34],"tags":[36,35],"class_list":["post-3640","post","type-post","status-publish","format-standard","hentry","category-salut-del-son","tag-qualitat-del-son","tag-son"],"_links":{"self":[{"href":"https:\/\/www.fisiocraneo.com\/ca\/wp-json\/wp\/v2\/posts\/3640","targetHints":{"allow":["GET"]}}],"collection":[{"href":"https:\/\/www.fisiocraneo.com\/ca\/wp-json\/wp\/v2\/posts"}],"about":[{"href":"https:\/\/www.fisiocraneo.com\/ca\/wp-json\/wp\/v2\/types\/post"}],"author":[{"embeddable":true,"href":"https:\/\/www.fisiocraneo.com\/ca\/wp-json\/wp\/v2\/users\/3"}],"replies":[{"embeddable":true,"href":"https:\/\/www.fisiocraneo.com\/ca\/wp-json\/wp\/v2\/comments?post=3640"}],"version-history":[{"count":1,"href":"https:\/\/www.fisiocraneo.com\/ca\/wp-json\/wp\/v2\/posts\/3640\/revisions"}],"predecessor-version":[{"id":3643,"href":"https:\/\/www.fisiocraneo.com\/ca\/wp-json\/wp\/v2\/posts\/3640\/revisions\/3643"}],"wp:attachment":[{"href":"https:\/\/www.fisiocraneo.com\/ca\/wp-json\/wp\/v2\/media?parent=3640"}],"wp:term":[{"taxonomy":"category","embeddable":true,"href":"https:\/\/www.fisiocraneo.com\/ca\/wp-json\/wp\/v2\/categories?post=3640"},{"taxonomy":"post_tag","embeddable":true,"href":"https:\/\/www.fisiocraneo.com\/ca\/wp-json\/wp\/v2\/tags?post=3640"}],"curies":[{"name":"wp","href":"https:\/\/api.w.org\/{rel}","templated":true}]}}