{"id":3676,"date":"2021-01-16T15:23:16","date_gmt":"2021-01-16T13:23:16","guid":{"rendered":"https:\/\/www.fisiocraneo.com\/dolor-cervical-en-lambit-laboral"},"modified":"2026-07-20T17:36:27","modified_gmt":"2026-07-20T15:36:27","slug":"dolor-cervical-ambit-laboral","status":"publish","type":"post","link":"https:\/\/www.fisiocraneo.com\/ca\/dolor-cervical-ambit-laboral","title":{"rendered":"Dolor Cervical en l&#8217;\u00e0mbit laboral"},"content":{"rendered":"\n<h3 class=\"gb-headline gb-headline-5bbe99e7 gb-headline-text\">Per qu\u00e8 patim dolor cervical a la feina d&#8217;oficina?<\/h3>\n\n<p class=\"has-text-align-left wp-block-paragraph\" id=\"viewer-foo\">El dolor a la columna cervical es troba entre el segon i el tercer motiu de consulta en atenci\u00f3 prim\u00e0ria, depenent del context, despr\u00e9s del dolor lumbar i d&#8217;espatlla. S&#8217;estima que la seva incid\u00e8ncia anual \u00e9s d&#8217;entre el 10 i el 20%. <\/p>\n\n<p class=\"wp-block-paragraph\" id=\"viewer-a8v39\">Podem dividir el dolor cervical en 4 graus en funci\u00f3 del nivell d&#8217;afectaci\u00f3 del teixit i de les seves implicacions per a la vida di\u00e0ria.<\/p>\n\n<p class=\"wp-block-paragraph\" id=\"viewer-3j0jk\">Per als graus I i II, el grau de discapacitat marca el maneig i el pron\u00f2stic, mentre que per als graus III i IV, el grau d&#8217;afectaci\u00f3 \u00e9s m\u00e9s rellevant per al pron\u00f2stic.<\/p>\n\n<p class=\"wp-block-paragraph\" id=\"viewer-edrsm\">En general, dins l&#8217;\u00e0mbit laboral, la major part del dolor cervical ser\u00e0 de grau I i II. En algunes ocasions, graus superiors no guardaran relaci\u00f3 amb l&#8217;\u00e0mbit laboral, tret que es tracti d&#8217;un accident de tr\u00e0nsit, q\u00fcesti\u00f3 que s&#8217;abordar\u00e0 en una altra entrada. <\/p>\n\n<figure class=\"wp-block-gallery has-nested-images columns-default is-cropped wp-block-gallery-1 is-layout-flex wp-block-gallery-is-layout-flex\">\n<figure class=\"wp-block-image size-large\"><img loading=\"lazy\" decoding=\"async\" width=\"1024\" height=\"540\" data-id=\"2744\" src=\"https:\/\/www.fisiocraneo.com\/wp-content\/uploads\/2022\/10\/5433cf_62938a5074bb4b5991854ae4f483a4a2mv2-1024x540.png\" alt=\"\" class=\"wp-image-2744\" srcset=\"https:\/\/www.fisiocraneo.com\/wp-content\/uploads\/2022\/10\/5433cf_62938a5074bb4b5991854ae4f483a4a2mv2-1024x540.png 1024w, https:\/\/www.fisiocraneo.com\/wp-content\/uploads\/2022\/10\/5433cf_62938a5074bb4b5991854ae4f483a4a2mv2-300x158.png 300w, https:\/\/www.fisiocraneo.com\/wp-content\/uploads\/2022\/10\/5433cf_62938a5074bb4b5991854ae4f483a4a2mv2-768x405.png 768w, https:\/\/www.fisiocraneo.com\/wp-content\/uploads\/2022\/10\/5433cf_62938a5074bb4b5991854ae4f483a4a2mv2-1536x810.png 1536w, https:\/\/www.fisiocraneo.com\/wp-content\/uploads\/2022\/10\/5433cf_62938a5074bb4b5991854ae4f483a4a2mv2.png 1918w\" sizes=\"auto, (max-width: 1024px) 100vw, 1024px\" \/><\/figure>\n<figcaption class=\"blocks-gallery-caption wp-element-caption\">Graus de dolor cervical desenvolupats pel Neck Pain Task Force<br\/><br\/><br><\/figcaption><\/figure>\n\n<p class=\"wp-block-paragraph\" id=\"viewer-dfcr3\">Com veiem, per als graus I i II, no \u00e9s necessari realitzar proves d&#8217;imatge. De fet, seria un error fer-les, ja que \u00e9s una despesa de recursos innecess\u00e0ria i aquestes proves no aportarien cap valor al diagn\u00f2stic, mentre que potencialment poden crear preocupaci\u00f3 als pacients. <\/p>\n\n<p class=\"wp-block-paragraph\" id=\"viewer-24he\">Aix\u00f2 s&#8217;ha d&#8217;explicar al pacient, ja que f\u00e0cilment es poden trobar troballes radiol\u00f2giques que no tindrien cap valor diagn\u00f2stic.<\/p>\n\n<p class=\"wp-block-paragraph\" id=\"viewer-2cov7\">Aix\u00ed mateix, s\u00ed que \u00e9s important con\u00e8ixer i avaluar els factors que contribueixen a patir un episodi de dolor cervical.<\/p>\n\n<figure class=\"gb-block-image gb-block-image-a071bc3c\"><img loading=\"lazy\" decoding=\"async\" width=\"1572\" height=\"1048\" class=\"gb-image gb-image-a071bc3c\" src=\"https:\/\/www.fisiocraneo.com\/wp-content\/uploads\/2022\/10\/5433cf_89344b07c46e47b9b1b2cf559f203f4cmv2.png\" alt=\"\" title=\"5433cf_89344b07c46e47b9b1b2cf559f203f4cmv2\" srcset=\"https:\/\/www.fisiocraneo.com\/wp-content\/uploads\/2022\/10\/5433cf_89344b07c46e47b9b1b2cf559f203f4cmv2.png 1572w, https:\/\/www.fisiocraneo.com\/wp-content\/uploads\/2022\/10\/5433cf_89344b07c46e47b9b1b2cf559f203f4cmv2-300x200.png 300w, https:\/\/www.fisiocraneo.com\/wp-content\/uploads\/2022\/10\/5433cf_89344b07c46e47b9b1b2cf559f203f4cmv2-1024x683.png 1024w, https:\/\/www.fisiocraneo.com\/wp-content\/uploads\/2022\/10\/5433cf_89344b07c46e47b9b1b2cf559f203f4cmv2-768x512.png 768w, https:\/\/www.fisiocraneo.com\/wp-content\/uploads\/2022\/10\/5433cf_89344b07c46e47b9b1b2cf559f203f4cmv2-1536x1024.png 1536w\" sizes=\"auto, (max-width: 1572px) 100vw, 1572px\" \/><\/figure>\n\n<p class=\"wp-block-paragraph\"><\/p>\n\n<p class=\"wp-block-paragraph\" id=\"viewer-dnsce\"><strong>DISCUSSI\u00d3<\/strong><\/p>\n\n<p class=\"wp-block-paragraph\" id=\"viewer-ag2k3\">Hi ha alguns aspectes que s&#8217;han d&#8217;aclarir respecte a aquests factors.<\/p>\n\n<p class=\"wp-block-paragraph\" id=\"viewer-850mo\">La majoria d&#8217;aquests factors guarden <strong>relaci\u00f3 amb l&#8217;estr\u00e8s percebut<\/strong>, ja que s\u00f3n aspectes que contribueixen a formar un context hostil. L&#8217;estr\u00e8s activa processos biol\u00f2gics que es poden resumir en les \u00ab4 F\u00bb per les seves sigles en angl\u00e8s: \u00abfight\u00bb, \u00abflight\u00bb, \u00abfear\u00bb o \u00abfuck\u00bb. L&#8217;\u00faltim \u00edtem, \u00abfuck\u00bb, fa refer\u00e8ncia al suport social. En primats no humans es traduiria en un major nombre de relacions sexuals amb femelles o una major socialitzaci\u00f3 (espolgar-se). En humans, les nostres actituds de socialitzaci\u00f3 s\u00f3n molt m\u00e9s \u00e0mplies i el suport social clarament pot jugar un paper protector o de risc en relaci\u00f3 amb l&#8217;estr\u00e8s percebut.    <\/p>\n\n<p class=\"wp-block-paragraph\" id=\"viewer-3drj3\">Les mesures ergon\u00f2miques a la feina (1) inclouen la dist\u00e0ncia al teclat, la inclinaci\u00f3 del ratol\u00ed, el reflex de la pantalla, el temps de treball amb el teclat o amb el ratol\u00ed. Les mesures estimen que un temps inferior a 4 hores di\u00e0ries d&#8217;\u00fas del teclat i 3 hores m\u00e0ximes d&#8217;\u00fas del ratol\u00ed no jugarien un paper destacat, mentre que a partir d&#8217;aquests llindars el risc podria augmentar exponencialment. No obstant aix\u00f2, aquesta q\u00fcesti\u00f3 no est\u00e0 del tot clara i existeixen algunes discrep\u00e0ncies sobre el temps de treball estimat recomanable i la dosi a partir de la qual l&#8217;efecte sobre la probabilitat de patir dolor cervical \u00e9s significatiu.  <\/p>\n\n<p class=\"wp-block-paragraph\" id=\"viewer-6dntu\">D&#8217;altra banda, percebre les posicions del treball (2) com a inc\u00f2modes pot jugar un rol de factor de risc, independentment de quina sigui la postura, el que \u00e9s rellevant \u00e9s com el subjecte l&#8217;avalua, \u00e9s a dir, una postura \u00e9s for\u00e7ada o no en funci\u00f3 de l&#8217;avaluaci\u00f3 que fem d&#8217;aquesta postura. \u00c9s clar que hi ha postures que per creences populars s&#8217;han etiquetat com a millors o pitjors que altres.  <strong>El sistema de creences juga un rol fonamental en com avaluem una tasca.<\/strong><\/p>\n\n<p class=\"wp-block-paragraph\" id=\"viewer-dbbo9\">Un altre aspecte que cal tenir en compte en aquest punt seria l&#8217;exposici\u00f3 a nivells alts de c\u00e0rrega f\u00edsica. <strong>La relaci\u00f3 entre capacitats de l&#8217;individu i les demandes f\u00edsiques del treball<\/strong> est\u00e0 directament vinculada a la probabilitat de patir un episodi de dolor cervical: Tenir un nivell de condicionament f\u00edsic m\u00e9s gran jugaria un paper de factor protector.<\/p>\n\n<p class=\"wp-block-paragraph\" id=\"viewer-68qja\">D&#8217;altra banda, les posicions mantingudes no s\u00f3n recomanables, ja que el nivell de perfusi\u00f3 sangu\u00ednia, i per tant de nutrients, que reben els teixits disminueix amb la sedestaci\u00f3. Canviar de postura i realitzar exercici aer\u00f2bic s\u00f3n eines factibles per millorar la vascularitzaci\u00f3 de tot l&#8217;organisme. <\/p>\n\n<p class=\"wp-block-paragraph\" id=\"viewer-c2o34\">Finalment, la sensaci\u00f3 de satisfacci\u00f3 o confort al lloc de treball dependr\u00e0 de la toler\u00e0ncia de l&#8217;individu a diferents temperatures, nivells de soroll, llum, etc. Com m\u00e9s siguin els ambients on l&#8217;individu es pugui sentir confortable, menors probabilitats hi haur\u00e0 d&#8217;avaluar l&#8217;ambient com a hostil i desencadenar una resposta d&#8217;estr\u00e8s. \u00c9s menys probable que l&#8217;individu que treballa en m\u00faltiples ambients diferents percebi un ambient com a hostil que l&#8217;individu que est\u00e0 pendent de diversos par\u00e0metres ambientals. La <strong>capacitat<\/strong>   <strong> <\/strong><strong>de<\/strong><strong> <\/strong>seria un tret protector.<\/p>\n\n<p class=\"wp-block-paragraph\" id=\"viewer-adlvn\"><strong>Conclusions:<\/strong><strong><em> <\/em><\/strong><strong><em>\u00abTake<\/em><\/strong><strong><em> <\/em><\/strong><strong><em>home<\/em><\/strong><strong><em> <\/em><\/strong><strong><em>message\u00bb<\/em><\/strong><\/p>\n\n<p class=\"wp-block-paragraph\" id=\"viewer-cluq9\">Per a cl\u00ednics: No realitzar proves de neuroimatge per al dolor cervical de grau I i II.<\/p>\n\n<p class=\"wp-block-paragraph\" id=\"viewer-e35sg\">Per a pacients: Si ens fixem en els diferents factors, observarem que pr\u00e0cticament tots s\u00f3n modificables. Des del punt de vista f\u00edsic, <strong>nivells m\u00e9s alts de for\u00e7a, nivells de condici\u00f3 f\u00edsica general i capacitat d&#8217;adaptaci\u00f3 (capacitats en general)<\/strong> serien les estrat\u00e8gies ideals per modificar aquests factors al nostre favor, i s\u00f3n entrenables durant tota la vida. D&#8217;altra banda, els factors psicol\u00f2gics es refereixen m\u00e9s a <strong>com avaluem i percebem diferents aspectes de l&#8217;entorn<\/strong> i el nivell d&#8217;hostilitat que hi percebem. En aquest sentit, <strong>el m\u00e9s complicat \u00e9s modificar els aspectes socials<\/strong>, ja que no depenen exclusivament de l&#8217;individu i dif\u00edcilment podem modificar les etiquetes socials que ens posen.   <\/p>\n\n<p class=\"wp-block-paragraph\">_______________________<\/p>\n\n<p class=\"wp-block-paragraph\" id=\"viewer-c60b\"><strong>BIBLIOGRAFIA<\/strong><\/p>\n\n<p class=\"wp-block-paragraph\" id=\"viewer-b4f0r\">&#8211; Bier JD, Scholten-Peeters WGM, Staal JB, Pool J, van Tulder MW, Beekman E, Knoop J, Meerhoff G, Verhagen AP. Clinical Practice Guideline for Physical Therapy Assessment and Treatment in Patients With Nonspecific Neck Pain. Phys Ther. 2018 Mar 1;98(3):162-171.   <\/p>\n\n<p class=\"wp-block-paragraph\" id=\"viewer-poor\">&#8211; Guzman J, Haldeman S, Carroll LJ, Carragee EJ, Hurwitz EL, Peloso P, Nordin M, Cassidy JD, Holm LW, C\u00f4t\u00e9 P, van der Velde G, Hogg-Johnson S; Bone and Joint Decade 2000-2010 Task Force on Neck Pain and Its Associated Disorders. Clinical practice implications of the Bone and Joint Decade 2000-2010 Task Force on Neck Pain and Its Associated Disorders: from concepts and findings to recommendations. Spine (Phila Pa 1976). 2008 Feb 15;33(4 Suppl):S199-213.   <\/p>\n\n<p class=\"wp-block-paragraph\" id=\"viewer-4nld0\">&#8211; Jun D, Zoe M, Johnston V, O&#8217;Leary S. Physical risk factors for developing non-specific neck pain in office workers: a systematic review and meta-analysis. Int Arch Occup Environ Health. 2017 Jul;90(5):373-410.  <\/p>\n\n<p class=\"wp-block-paragraph\" id=\"viewer-2ftij\">&#8211; Shahidi B, Curran-Everett D, Maluf KS. Psychosocial, Physical, and Neurophysiological Risk Factors for Chronic Neck Pain: A Prospective Inception Cohort Study. J Pain. 2015 Dec;16(12):1288-1299.   <\/p>\n","protected":false},"excerpt":{"rendered":"<p>Per qu\u00e8 patim dolor cervical a la feina d&#8217;oficina?<br \/>\nCom es classifica el dolor cervical, quins s\u00f3n els factors de risc m\u00e9s associats i de quina manera es poden modificar. <\/p>\n","protected":false},"author":2,"featured_media":3551,"comment_status":"closed","ping_status":"closed","sticky":false,"template":"","format":"standard","meta":{"footnotes":""},"categories":[43,68],"tags":[45,44,46],"class_list":["post-3676","post","type-post","status-publish","format-standard","has-post-thumbnail","hentry","category-dolor-cervical","category-dolor-cervical-2","tag-causes-del-dolor-cervical","tag-dolor-cervical","tag-dolor-cervical-a-la-feina"],"_links":{"self":[{"href":"https:\/\/www.fisiocraneo.com\/ca\/wp-json\/wp\/v2\/posts\/3676","targetHints":{"allow":["GET"]}}],"collection":[{"href":"https:\/\/www.fisiocraneo.com\/ca\/wp-json\/wp\/v2\/posts"}],"about":[{"href":"https:\/\/www.fisiocraneo.com\/ca\/wp-json\/wp\/v2\/types\/post"}],"author":[{"embeddable":true,"href":"https:\/\/www.fisiocraneo.com\/ca\/wp-json\/wp\/v2\/users\/2"}],"replies":[{"embeddable":true,"href":"https:\/\/www.fisiocraneo.com\/ca\/wp-json\/wp\/v2\/comments?post=3676"}],"version-history":[{"count":2,"href":"https:\/\/www.fisiocraneo.com\/ca\/wp-json\/wp\/v2\/posts\/3676\/revisions"}],"predecessor-version":[{"id":3920,"href":"https:\/\/www.fisiocraneo.com\/ca\/wp-json\/wp\/v2\/posts\/3676\/revisions\/3920"}],"wp:featuredmedia":[{"embeddable":true,"href":"https:\/\/www.fisiocraneo.com\/ca\/wp-json\/wp\/v2\/media\/3551"}],"wp:attachment":[{"href":"https:\/\/www.fisiocraneo.com\/ca\/wp-json\/wp\/v2\/media?parent=3676"}],"wp:term":[{"taxonomy":"category","embeddable":true,"href":"https:\/\/www.fisiocraneo.com\/ca\/wp-json\/wp\/v2\/categories?post=3676"},{"taxonomy":"post_tag","embeddable":true,"href":"https:\/\/www.fisiocraneo.com\/ca\/wp-json\/wp\/v2\/tags?post=3676"}],"curies":[{"name":"wp","href":"https:\/\/api.w.org\/{rel}","templated":true}]}}